{"id":12369,"date":"2021-11-23T10:24:18","date_gmt":"2021-11-23T09:24:18","guid":{"rendered":"http:\/\/www.sktravelprive.com\/vecer-v-divadle-la-scala\/"},"modified":"2023-01-18T17:21:38","modified_gmt":"2023-01-18T16:21:38","slug":"vecer-v-divadle-la-scala","status":"publish","type":"post","link":"https:\/\/www.sktravelprive.com\/sk\/vecer-v-divadle-la-scala\/","title":{"rendered":"VE\u010cER V DIVADLE LA SCALA"},"content":{"rendered":"\n<p><strong>Z\u00e1\u017eitky<\/strong> s\u00fa tie najkraj\u0161ie em\u00f3cie ak\u00e9 m\u00f4\u017eete darova\u0165 milovanej osobe. V\u00fdnimo\u010dn\u00fd ve\u010der v najsl\u00e1vnej\u0161om divadle sveta <strong>LA SCALA <\/strong>je udalos\u0165 na ktor\u00fa nikto nikdy nezabudne&#8230;<\/p>\n\n\n\n<div style=\"height:16px\" aria-hidden=\"true\" class=\"wp-block-spacer\"><\/div>\n\n\n\n<figure class=\"wp-block-image\"><img decoding=\"async\" class=\"lazyload\" src=\"data:image\/gif;base64,R0lGODlhAQABAIAAAAAAAP\/\/\/yH5BAEAAAAALAAAAAABAAEAAAIBRAA7\" data-src=\"https:\/\/s.france24.com\/media\/display\/af58185c-c022-11ea-b960-005056bf87d6\/RTS3EYDT.JPG\" alt=\"Italy's La Scala opera house reopens after four-month shutdown\"\/><noscript><img decoding=\"async\" class=\"lazyload\" src=\"https:\/\/s.france24.com\/media\/display\/af58185c-c022-11ea-b960-005056bf87d6\/RTS3EYDT.JPG\" alt=\"Italy's La Scala opera house reopens after four-month shutdown\"\/><\/noscript><\/figure>\n\n\n\n<figure class=\"wp-block-image\"><img decoding=\"async\" class=\"lazyload\" src=\"data:image\/gif;base64,R0lGODlhAQABAIAAAAAAAP\/\/\/yH5BAEAAAAALAAAAAABAAEAAAIBRAA7\" data-src=\"https:\/\/www.corriere.it\/methode_image\/2021\/01\/25\/Spettacoli\/Foto%20Spettacoli%20-%20Trattate\/169_k61a6024_bresciaamisanoteatroallascala-kure-u32401108656133pg-656x492corriere-web-sezioni_MASTER.jpg\" alt=\"Riecco l'opera alla Scala con l'elegante \u00abCos\u00ec fan tutte\u00bb- Corriere.it\"\/><noscript><img decoding=\"async\" class=\"lazyload\" src=\"https:\/\/www.corriere.it\/methode_image\/2021\/01\/25\/Spettacoli\/Foto%20Spettacoli%20-%20Trattate\/169_k61a6024_bresciaamisanoteatroallascala-kure-u32401108656133pg-656x492corriere-web-sezioni_MASTER.jpg\" alt=\"Riecco l'opera alla Scala con l'elegante \u00abCos\u00ec fan tutte\u00bb- Corriere.it\"\/><\/noscript><\/figure>\n\n\n\n<div style=\"height:16px\" aria-hidden=\"true\" class=\"wp-block-spacer\"><\/div>\n\n\n\n<h2 class=\"wp-block-heading\">Program:<\/h2>\n\n\n\n<ul class=\"wp-block-list\">\n<li>2 noci v elegantnom, 4* hoteli v Mil\u00e1ne<\/li>\n\n\n\n<li>S\u00fakromn\u00fd pick-up z letiska<\/li>\n\n\n\n<li><strong>Opern\u00e9 predstavenie la Scala<\/strong> &#8211; VIP VSTUPENKY<\/li>\n\n\n\n<li>Prehliadka mesta so sprievodcom<\/li>\n\n\n\n<li>Ve\u010dera v panoramatickej re\u0161taur\u00e1cii s v\u00fdh\u013eadom na Mil\u00e1nsky D\u00f3m<\/li>\n\n\n\n<li>Shopping tour<\/li>\n<\/ul>\n\n\n\n<div style=\"height:16px\" aria-hidden=\"true\" class=\"wp-block-spacer\"><\/div>\n\n\n\n<h2 class=\"wp-block-heading\">Opera 2023:<\/h2>\n\n\n\n<p><strong>Na tieto predstavenia prij\u00edmame objedn\u00e1vky do 28. Febru\u00e1ra 2023:<\/strong><\/p>\n\n\n\n<div style=\"height:7px\" aria-hidden=\"true\" class=\"wp-block-spacer\"><\/div>\n\n\n\n<p><strong>Rusalka<\/strong><\/p>\n\n\n\n<p>6-22\/03\/2023<\/p>\n\n\n\n<p><strong>Macbeth<\/strong><\/p>\n\n\n\n<p>17.6 &#8211; 8.7\/2023<\/p>\n\n\n\n<div style=\"height:15px\" aria-hidden=\"true\" class=\"wp-block-spacer\"><\/div>\n\n\n\n<p><strong>Objedn\u00e1vky do 31. Marec 2023:<\/strong><\/p>\n\n\n\n<div style=\"height:8px\" aria-hidden=\"true\" class=\"wp-block-spacer\"><\/div>\n\n\n\n<p><strong>L\u00e1zebn\u00edk Sivilsk\u00fd<\/strong><\/p>\n\n\n\n<p>4 -18.9\/2023<\/p>\n\n\n\n<p><strong>Figarova Svadba<\/strong><\/p>\n\n\n\n<p>30.9 &#8211; 10.10\/2023<\/p>\n\n\n\n<div style=\"height:16px\" aria-hidden=\"true\" class=\"wp-block-spacer\"><\/div>\n\n\n\n<figure class=\"wp-block-image\"><img decoding=\"async\" class=\"lazyload\" src=\"data:image\/gif;base64,R0lGODlhAQABAIAAAAAAAP\/\/\/yH5BAEAAAAALAAAAAABAAEAAAIBRAA7\" data-src=\"https:\/\/www.ilmessaggero.it\/photos\/MED\/94\/33\/5889433_1159_martonetraviata4.jpg\" alt=\"Traviata dell'Opera, bene ascolti su Rai3. Calandrelli: \u00abScelta innovativa\u00bb\"\/><noscript><img decoding=\"async\" class=\"lazyload\" src=\"https:\/\/www.ilmessaggero.it\/photos\/MED\/94\/33\/5889433_1159_martonetraviata4.jpg\" alt=\"Traviata dell'Opera, bene ascolti su Rai3. Calandrelli: \u00abScelta innovativa\u00bb\"\/><\/noscript><\/figure>\n\n\n\n<div style=\"height:16px\" aria-hidden=\"true\" class=\"wp-block-spacer\"><\/div>\n\n\n\n<p>Ostatn\u00e9 divadeln\u00e9 predstavenia V\u00e1m radi po\u0161leme e-mailom:<strong> info@sktravelprive.com<\/strong><\/p>\n\n\n\n<div style=\"height:16px\" aria-hidden=\"true\" class=\"wp-block-spacer\"><\/div>\n\n\n\n<figure class=\"wp-block-image\"><img decoding=\"async\" class=\"lazyload\" src=\"data:image\/gif;base64,R0lGODlhAQABAIAAAAAAAP\/\/\/yH5BAEAAAAALAAAAAABAAEAAAIBRAA7\" data-src=\"https:\/\/www.egypttoday.com\/siteimages\/Larg\/69401.jpg\" alt=\"148 years since establishment of Opera Aida - EgyptToday\"\/><noscript><img decoding=\"async\" class=\"lazyload\" src=\"https:\/\/www.egypttoday.com\/siteimages\/Larg\/69401.jpg\" alt=\"148 years since establishment of Opera Aida - EgyptToday\"\/><\/noscript><figcaption class=\"wp-element-caption\"><img decoding=\"async\" class=\"lazyload\" src=\"data:image\/gif;base64,R0lGODlhAQABAIAAAAAAAP\/\/\/yH5BAEAAAAALAAAAAABAAEAAAIBRAA7\" data-src=\"https:\/\/i2.wp.com\/www.connessiallopera.it\/wp-content\/uploads\/2020\/09\/2z3mBn0.jpeg?fit=950%2C535&amp;ssl=1\" alt=\"Milano, Teatro alla Scala \u2013 La traviata \u2013 Connessi all'Opera\"><noscript><img decoding=\"async\" class=\"lazyload\" src=\"https:\/\/i2.wp.com\/www.connessiallopera.it\/wp-content\/uploads\/2020\/09\/2z3mBn0.jpeg?fit=950%2C535&amp;ssl=1\" alt=\"Milano, Teatro alla Scala \u2013 La traviata \u2013 Connessi all'Opera\"><\/noscript><\/figcaption><\/figure>\n\n\n\n<div style=\"height:16px\" aria-hidden=\"true\" class=\"wp-block-spacer\"><\/div>\n\n\n\n<h3 class=\"wp-block-heading\">Darujte z\u00e1\u017eitok:<\/h3>\n\n\n\n<div style=\"height:11px\" aria-hidden=\"true\" class=\"wp-block-spacer\"><\/div>\n\n\n\n<p><strong>V\u00edkend v Mil\u00e1ne <\/strong>365\u20ac\/ osoba<\/p>\n\n\n\n<p>*<strong>Bal\u00ed\u010dek La Scala VIP<\/strong> <strong>a v\u00edkendov\u00fd pobyt na 2 noci<\/strong>  845\u20ac\/ osoba <\/p>\n\n\n\n<p> * T\u00e1to vo\u013eba zah\u0155\u0148a ubytovanie v <strong>centr\u00e1lnom 4-hviezdi\u010dkovom<\/strong> hoteli na 2 noci a <strong>vstupenky VIP<\/strong> na opern\u00e9 predstavenie s <strong>najlep\u0161ou vidite\u013enos\u0165ou<\/strong> na p\u00f3dium. <\/p>\n\n\n\n<div style=\"height:16px\" aria-hidden=\"true\" class=\"wp-block-spacer\"><\/div>\n\n\n\n<figure class=\"wp-block-image\"><img decoding=\"async\" class=\"lazyload\" src=\"data:image\/gif;base64,R0lGODlhAQABAIAAAAAAAP\/\/\/yH5BAEAAAAALAAAAAABAAEAAAIBRAA7\" data-src=\"https:\/\/duomo.shbcdn.com\/blobs\/variants\/5\/7\/9\/1\/5791b108-ad08-4351-8e43-ef8a0fc9cb8d_medium.jpg?_636858360303928102\" alt=\"Duomo di Milano OFFICIAL SITE\"\/><noscript><img decoding=\"async\" class=\"lazyload\" src=\"https:\/\/duomo.shbcdn.com\/blobs\/variants\/5\/7\/9\/1\/5791b108-ad08-4351-8e43-ef8a0fc9cb8d_medium.jpg?_636858360303928102\" alt=\"Duomo di Milano OFFICIAL SITE\"\/><\/noscript><\/figure>\n\n\n\n<figure class=\"wp-block-image is-resized\"><img decoding=\"async\" class=\"lazyload\" src=\"data:image\/gif;base64,R0lGODlhAQABAIAAAAAAAP\/\/\/yH5BAEAAAAALAAAAAABAAEAAAIBRAA7\" data-src=\"https:\/\/i.ytimg.com\/vi\/cuX28kQqGBM\/maxresdefault.jpg\" alt=\"Duomo di Milano - Milan Cathedral - YouTube\" width=\"738\" height=\"415\"\/><noscript><img decoding=\"async\" class=\"lazyload\" src=\"https:\/\/i.ytimg.com\/vi\/cuX28kQqGBM\/maxresdefault.jpg\" alt=\"Duomo di Milano - Milan Cathedral - YouTube\" width=\"738\" height=\"415\"\/><\/noscript><\/figure>\n\n\n\n<figure class=\"wp-block-image\"><img decoding=\"async\" class=\"lazyload\" src=\"data:image\/gif;base64,R0lGODlhAQABAIAAAAAAAP\/\/\/yH5BAEAAAAALAAAAAABAAEAAAIBRAA7\" data-src=\"https:\/\/www.repstatic.it\/content\/nazionale\/img\/2018\/04\/20\/113202135-75f425a5-d164-4bfd-96a3-542f08193617.jpg\" alt=\"Nuova luce per il Museo Teatrale alla Scala - la Repubblica\"\/><noscript><img decoding=\"async\" class=\"lazyload\" src=\"https:\/\/www.repstatic.it\/content\/nazionale\/img\/2018\/04\/20\/113202135-75f425a5-d164-4bfd-96a3-542f08193617.jpg\" alt=\"Nuova luce per il Museo Teatrale alla Scala - la Repubblica\"\/><\/noscript><\/figure>\n\n\n\n<figure class=\"wp-block-image\"><img decoding=\"async\" class=\"lazyload\" src=\"data:image\/gif;base64,R0lGODlhAQABAIAAAAAAAP\/\/\/yH5BAEAAAAALAAAAAABAAEAAAIBRAA7\" data-src=\"https:\/\/welcomerome.eu\/custom\/welcomerome\/writable\/products\/private-transfers1.jpg\" alt=\"Private Transfer Service\"\/><noscript><img decoding=\"async\" class=\"lazyload\" src=\"https:\/\/welcomerome.eu\/custom\/welcomerome\/writable\/products\/private-transfers1.jpg\" alt=\"Private Transfer Service\"\/><\/noscript><\/figure>\n\n\n\n<figure class=\"wp-block-image\"><img decoding=\"async\" class=\"lazyload\" src=\"data:image\/gif;base64,R0lGODlhAQABAIAAAAAAAP\/\/\/yH5BAEAAAAALAAAAAABAAEAAAIBRAA7\" data-src=\"https:\/\/visitproseccoitaly.com\/wp-content\/uploads\/2020\/02\/How-To-Choose-Good-Prosecco-6-1024x768.jpeg\" alt=\"How to Choose Good Prosecco - Visit Prosecco Italy\"\/><noscript><img decoding=\"async\" class=\"lazyload\" src=\"https:\/\/visitproseccoitaly.com\/wp-content\/uploads\/2020\/02\/How-To-Choose-Good-Prosecco-6-1024x768.jpeg\" alt=\"How to Choose Good Prosecco - Visit Prosecco Italy\"\/><\/noscript><\/figure>\n\n\n\n<div style=\"height:16px\" aria-hidden=\"true\" class=\"wp-block-spacer\"><\/div>\n\n\n\n<h2 class=\"wp-block-heading\">INFO:<\/h2>\n\n\n\n<p><strong>info@sktravelprive.com<\/strong><\/p>\n\n\n\n<p><strong>WhatsUpp: <\/strong><\/p>\n\n\n\n<p><strong>+39 3669323211<\/strong><\/p>\n\n\n\n<div style=\"height:20px\" aria-hidden=\"true\" class=\"wp-block-spacer\"><\/div>\n","protected":false},"excerpt":{"rendered":"<p>Z\u00e1\u017eitky s\u00fa tie najkraj\u0161ie em\u00f3cie ak\u00e9 m\u00f4\u017eete darova\u0165 milovanej osobe. V\u00fdnimo\u010dn\u00fd ve\u010der v najsl\u00e1vnej\u0161om divadle sveta LA SCALA je udalos\u0165 na ktor\u00fa nikto nikdy nezabudne&#8230; Program: Opera 2023: Na tieto predstavenia prij\u00edmame objedn\u00e1vky do 28. Febru\u00e1ra 2023: Rusalka 6-22\/03\/2023 Macbeth 17.6 &#8211; 8.7\/2023 Objedn\u00e1vky do&#8230;<\/p>\n","protected":false},"author":1,"featured_media":14299,"comment_status":"open","ping_status":"closed","sticky":false,"template":"","format":"standard","meta":{"footnotes":""},"categories":[390],"tags":[],"class_list":["post-12369","post","type-post","status-publish","format-standard","has-post-thumbnail","hentry","category-news-sk"],"yoast_head":"<!-- This site is optimized with the Yoast SEO plugin v27.4 - https:\/\/yoast.com\/product\/yoast-seo-wordpress\/ -->\n<title>VE\u010cER V DIVADLE LA SCALA - SK Travel Priv\u00e8 Viano\u010dn\u00fd dar\u010dek<\/title>\n<meta name=\"description\" content=\"Z\u00e1\u017eitky s\u00fa tie najkraj\u0161ie em\u00f3cie ak\u00e9 m\u00f4\u017eete darova\u0165 milovanej osobe. V\u00fdnimo\u010dn\u00fd ve\u010der v najsl\u00e1vnej\u0161om divadle sveta La Scala je udalos\u0165 na ktor\u00fa nikto nikdy nezabudne.\" \/>\n<meta name=\"robots\" content=\"index, follow, max-snippet:-1, max-image-preview:large, max-video-preview:-1\" \/>\n<link rel=\"canonical\" href=\"https:\/\/www.sktravelprive.com\/sk\/vecer-v-divadle-la-scala\/\" \/>\n<meta property=\"og:locale\" content=\"sk_SK\" \/>\n<meta property=\"og:type\" content=\"article\" \/>\n<meta property=\"og:title\" content=\"Viano\u010dn\u00fd dar\u010dek Divadeln\u00e9 predstavenie La Scala 2022\" \/>\n<meta property=\"og:description\" content=\"Z\u00e1\u017eitky s\u00fa tie najkraj\u0161ie em\u00f3cie ak\u00e9 m\u00f4\u017eete darova\u0165 milovanej osobe. V\u00fdnimo\u010dn\u00fd ve\u010der v najsl\u00e1vnej\u0161om divadle sveta La Scala je udalos\u0165 na ktor\u00fa nikto nikdy nezabudne.\" \/>\n<meta property=\"og:url\" content=\"https:\/\/www.sktravelprive.com\/sk\/vecer-v-divadle-la-scala\/\" \/>\n<meta property=\"og:site_name\" content=\"SK Travel Priv\u00e8\" \/>\n<meta property=\"article:published_time\" content=\"2021-11-23T09:24:18+00:00\" \/>\n<meta property=\"article:modified_time\" content=\"2023-01-18T16:21:38+00:00\" \/>\n<meta property=\"og:image\" content=\"https:\/\/www.sktravelprive.com\/wp-content\/uploads\/2021\/11\/La_Scala_opera_house.jpg\" \/>\n\t<meta property=\"og:image:width\" content=\"1280\" \/>\n\t<meta property=\"og:image:height\" content=\"720\" \/>\n\t<meta property=\"og:image:type\" content=\"image\/jpeg\" \/>\n<meta name=\"author\" content=\"Simona\" \/>\n<meta name=\"twitter:card\" content=\"summary_large_image\" \/>\n<meta name=\"twitter:label1\" content=\"Autor\" \/>\n\t<meta name=\"twitter:data1\" content=\"Simona\" \/>\n\t<meta name=\"twitter:label2\" content=\"Predpokladan\u00fd \u010das \u010d\u00edtania\" \/>\n\t<meta name=\"twitter:data2\" content=\"3 min\u00faty\" \/>\n<script type=\"application\/ld+json\" class=\"yoast-schema-graph\">{\"@context\":\"https:\\\/\\\/schema.org\",\"@graph\":[{\"@type\":\"Article\",\"@id\":\"https:\\\/\\\/www.sktravelprive.com\\\/sk\\\/vecer-v-divadle-la-scala\\\/#article\",\"isPartOf\":{\"@id\":\"https:\\\/\\\/www.sktravelprive.com\\\/sk\\\/vecer-v-divadle-la-scala\\\/\"},\"author\":{\"name\":\"Simona\",\"@id\":\"https:\\\/\\\/www.sktravelprive.com\\\/sk\\\/#\\\/schema\\\/person\\\/bc1b691bbf66ad7c9e2d57b077b88962\"},\"headline\":\"VE\u010cER V DIVADLE LA SCALA\",\"datePublished\":\"2021-11-23T09:24:18+00:00\",\"dateModified\":\"2023-01-18T16:21:38+00:00\",\"mainEntityOfPage\":{\"@id\":\"https:\\\/\\\/www.sktravelprive.com\\\/sk\\\/vecer-v-divadle-la-scala\\\/\"},\"wordCount\":177,\"commentCount\":0,\"image\":{\"@id\":\"https:\\\/\\\/www.sktravelprive.com\\\/sk\\\/vecer-v-divadle-la-scala\\\/#primaryimage\"},\"thumbnailUrl\":\"https:\\\/\\\/www.sktravelprive.com\\\/wp-content\\\/uploads\\\/2021\\\/11\\\/Cover-Teatro.jpg\",\"articleSection\":[\"Aktu\u00e1lne\"],\"inLanguage\":\"sk-SK\",\"potentialAction\":[{\"@type\":\"CommentAction\",\"name\":\"Comment\",\"target\":[\"https:\\\/\\\/www.sktravelprive.com\\\/sk\\\/vecer-v-divadle-la-scala\\\/#respond\"]}]},{\"@type\":\"WebPage\",\"@id\":\"https:\\\/\\\/www.sktravelprive.com\\\/sk\\\/vecer-v-divadle-la-scala\\\/\",\"url\":\"https:\\\/\\\/www.sktravelprive.com\\\/sk\\\/vecer-v-divadle-la-scala\\\/\",\"name\":\"VE\u010cER V DIVADLE LA SCALA - SK Travel Priv\u00e8 Viano\u010dn\u00fd dar\u010dek\",\"isPartOf\":{\"@id\":\"https:\\\/\\\/www.sktravelprive.com\\\/sk\\\/#website\"},\"primaryImageOfPage\":{\"@id\":\"https:\\\/\\\/www.sktravelprive.com\\\/sk\\\/vecer-v-divadle-la-scala\\\/#primaryimage\"},\"image\":{\"@id\":\"https:\\\/\\\/www.sktravelprive.com\\\/sk\\\/vecer-v-divadle-la-scala\\\/#primaryimage\"},\"thumbnailUrl\":\"https:\\\/\\\/www.sktravelprive.com\\\/wp-content\\\/uploads\\\/2021\\\/11\\\/Cover-Teatro.jpg\",\"datePublished\":\"2021-11-23T09:24:18+00:00\",\"dateModified\":\"2023-01-18T16:21:38+00:00\",\"author\":{\"@id\":\"https:\\\/\\\/www.sktravelprive.com\\\/sk\\\/#\\\/schema\\\/person\\\/bc1b691bbf66ad7c9e2d57b077b88962\"},\"description\":\"Z\u00e1\u017eitky s\u00fa tie najkraj\u0161ie em\u00f3cie ak\u00e9 m\u00f4\u017eete darova\u0165 milovanej osobe. V\u00fdnimo\u010dn\u00fd ve\u010der v najsl\u00e1vnej\u0161om divadle sveta La Scala je udalos\u0165 na ktor\u00fa nikto nikdy nezabudne.\",\"breadcrumb\":{\"@id\":\"https:\\\/\\\/www.sktravelprive.com\\\/sk\\\/vecer-v-divadle-la-scala\\\/#breadcrumb\"},\"inLanguage\":\"sk-SK\",\"potentialAction\":[{\"@type\":\"ReadAction\",\"target\":[\"https:\\\/\\\/www.sktravelprive.com\\\/sk\\\/vecer-v-divadle-la-scala\\\/\"]}]},{\"@type\":\"ImageObject\",\"inLanguage\":\"sk-SK\",\"@id\":\"https:\\\/\\\/www.sktravelprive.com\\\/sk\\\/vecer-v-divadle-la-scala\\\/#primaryimage\",\"url\":\"https:\\\/\\\/www.sktravelprive.com\\\/wp-content\\\/uploads\\\/2021\\\/11\\\/Cover-Teatro.jpg\",\"contentUrl\":\"https:\\\/\\\/www.sktravelprive.com\\\/wp-content\\\/uploads\\\/2021\\\/11\\\/Cover-Teatro.jpg\",\"width\":912,\"height\":575},{\"@type\":\"BreadcrumbList\",\"@id\":\"https:\\\/\\\/www.sktravelprive.com\\\/sk\\\/vecer-v-divadle-la-scala\\\/#breadcrumb\",\"itemListElement\":[{\"@type\":\"ListItem\",\"position\":1,\"name\":\"Domovsk\u00e1 str\u00e1nka\",\"item\":\"https:\\\/\\\/www.sktravelprive.com\\\/sk\\\/\"},{\"@type\":\"ListItem\",\"position\":2,\"name\":\"VE\u010cER V DIVADLE LA SCALA\"}]},{\"@type\":\"WebSite\",\"@id\":\"https:\\\/\\\/www.sktravelprive.com\\\/sk\\\/#website\",\"url\":\"https:\\\/\\\/www.sktravelprive.com\\\/sk\\\/\",\"name\":\"SK Travel Priv\u00e8\",\"description\":\"Exclusive tailor-made trips and events for you in Italy\",\"potentialAction\":[{\"@type\":\"SearchAction\",\"target\":{\"@type\":\"EntryPoint\",\"urlTemplate\":\"https:\\\/\\\/www.sktravelprive.com\\\/sk\\\/?s={search_term_string}\"},\"query-input\":{\"@type\":\"PropertyValueSpecification\",\"valueRequired\":true,\"valueName\":\"search_term_string\"}}],\"inLanguage\":\"sk-SK\"},{\"@type\":\"Person\",\"@id\":\"https:\\\/\\\/www.sktravelprive.com\\\/sk\\\/#\\\/schema\\\/person\\\/bc1b691bbf66ad7c9e2d57b077b88962\",\"name\":\"Simona\",\"url\":\"https:\\\/\\\/www.sktravelprive.com\\\/sk\\\/author\\\/simona\\\/\"}]}<\/script>\n<!-- \/ Yoast SEO plugin. -->","yoast_head_json":{"title":"VE\u010cER V DIVADLE LA SCALA - SK Travel Priv\u00e8 Viano\u010dn\u00fd dar\u010dek","description":"Z\u00e1\u017eitky s\u00fa tie najkraj\u0161ie em\u00f3cie ak\u00e9 m\u00f4\u017eete darova\u0165 milovanej osobe. V\u00fdnimo\u010dn\u00fd ve\u010der v najsl\u00e1vnej\u0161om divadle sveta La Scala je udalos\u0165 na ktor\u00fa nikto nikdy nezabudne.","robots":{"index":"index","follow":"follow","max-snippet":"max-snippet:-1","max-image-preview":"max-image-preview:large","max-video-preview":"max-video-preview:-1"},"canonical":"https:\/\/www.sktravelprive.com\/sk\/vecer-v-divadle-la-scala\/","og_locale":"sk_SK","og_type":"article","og_title":"Viano\u010dn\u00fd dar\u010dek Divadeln\u00e9 predstavenie La Scala 2022","og_description":"Z\u00e1\u017eitky s\u00fa tie najkraj\u0161ie em\u00f3cie ak\u00e9 m\u00f4\u017eete darova\u0165 milovanej osobe. V\u00fdnimo\u010dn\u00fd ve\u010der v najsl\u00e1vnej\u0161om divadle sveta La Scala je udalos\u0165 na ktor\u00fa nikto nikdy nezabudne.","og_url":"https:\/\/www.sktravelprive.com\/sk\/vecer-v-divadle-la-scala\/","og_site_name":"SK Travel Priv\u00e8","article_published_time":"2021-11-23T09:24:18+00:00","article_modified_time":"2023-01-18T16:21:38+00:00","og_image":[{"width":1280,"height":720,"url":"https:\/\/www.sktravelprive.com\/wp-content\/uploads\/2021\/11\/La_Scala_opera_house.jpg","type":"image\/jpeg"}],"author":"Simona","twitter_card":"summary_large_image","twitter_misc":{"Autor":"Simona","Predpokladan\u00fd \u010das \u010d\u00edtania":"3 min\u00faty"},"schema":{"@context":"https:\/\/schema.org","@graph":[{"@type":"Article","@id":"https:\/\/www.sktravelprive.com\/sk\/vecer-v-divadle-la-scala\/#article","isPartOf":{"@id":"https:\/\/www.sktravelprive.com\/sk\/vecer-v-divadle-la-scala\/"},"author":{"name":"Simona","@id":"https:\/\/www.sktravelprive.com\/sk\/#\/schema\/person\/bc1b691bbf66ad7c9e2d57b077b88962"},"headline":"VE\u010cER V DIVADLE LA SCALA","datePublished":"2021-11-23T09:24:18+00:00","dateModified":"2023-01-18T16:21:38+00:00","mainEntityOfPage":{"@id":"https:\/\/www.sktravelprive.com\/sk\/vecer-v-divadle-la-scala\/"},"wordCount":177,"commentCount":0,"image":{"@id":"https:\/\/www.sktravelprive.com\/sk\/vecer-v-divadle-la-scala\/#primaryimage"},"thumbnailUrl":"https:\/\/www.sktravelprive.com\/wp-content\/uploads\/2021\/11\/Cover-Teatro.jpg","articleSection":["Aktu\u00e1lne"],"inLanguage":"sk-SK","potentialAction":[{"@type":"CommentAction","name":"Comment","target":["https:\/\/www.sktravelprive.com\/sk\/vecer-v-divadle-la-scala\/#respond"]}]},{"@type":"WebPage","@id":"https:\/\/www.sktravelprive.com\/sk\/vecer-v-divadle-la-scala\/","url":"https:\/\/www.sktravelprive.com\/sk\/vecer-v-divadle-la-scala\/","name":"VE\u010cER V DIVADLE LA SCALA - SK Travel Priv\u00e8 Viano\u010dn\u00fd dar\u010dek","isPartOf":{"@id":"https:\/\/www.sktravelprive.com\/sk\/#website"},"primaryImageOfPage":{"@id":"https:\/\/www.sktravelprive.com\/sk\/vecer-v-divadle-la-scala\/#primaryimage"},"image":{"@id":"https:\/\/www.sktravelprive.com\/sk\/vecer-v-divadle-la-scala\/#primaryimage"},"thumbnailUrl":"https:\/\/www.sktravelprive.com\/wp-content\/uploads\/2021\/11\/Cover-Teatro.jpg","datePublished":"2021-11-23T09:24:18+00:00","dateModified":"2023-01-18T16:21:38+00:00","author":{"@id":"https:\/\/www.sktravelprive.com\/sk\/#\/schema\/person\/bc1b691bbf66ad7c9e2d57b077b88962"},"description":"Z\u00e1\u017eitky s\u00fa tie najkraj\u0161ie em\u00f3cie ak\u00e9 m\u00f4\u017eete darova\u0165 milovanej osobe. V\u00fdnimo\u010dn\u00fd ve\u010der v najsl\u00e1vnej\u0161om divadle sveta La Scala je udalos\u0165 na ktor\u00fa nikto nikdy nezabudne.","breadcrumb":{"@id":"https:\/\/www.sktravelprive.com\/sk\/vecer-v-divadle-la-scala\/#breadcrumb"},"inLanguage":"sk-SK","potentialAction":[{"@type":"ReadAction","target":["https:\/\/www.sktravelprive.com\/sk\/vecer-v-divadle-la-scala\/"]}]},{"@type":"ImageObject","inLanguage":"sk-SK","@id":"https:\/\/www.sktravelprive.com\/sk\/vecer-v-divadle-la-scala\/#primaryimage","url":"https:\/\/www.sktravelprive.com\/wp-content\/uploads\/2021\/11\/Cover-Teatro.jpg","contentUrl":"https:\/\/www.sktravelprive.com\/wp-content\/uploads\/2021\/11\/Cover-Teatro.jpg","width":912,"height":575},{"@type":"BreadcrumbList","@id":"https:\/\/www.sktravelprive.com\/sk\/vecer-v-divadle-la-scala\/#breadcrumb","itemListElement":[{"@type":"ListItem","position":1,"name":"Domovsk\u00e1 str\u00e1nka","item":"https:\/\/www.sktravelprive.com\/sk\/"},{"@type":"ListItem","position":2,"name":"VE\u010cER V DIVADLE LA SCALA"}]},{"@type":"WebSite","@id":"https:\/\/www.sktravelprive.com\/sk\/#website","url":"https:\/\/www.sktravelprive.com\/sk\/","name":"SK Travel Priv\u00e8","description":"Exclusive tailor-made trips and events for you in Italy","potentialAction":[{"@type":"SearchAction","target":{"@type":"EntryPoint","urlTemplate":"https:\/\/www.sktravelprive.com\/sk\/?s={search_term_string}"},"query-input":{"@type":"PropertyValueSpecification","valueRequired":true,"valueName":"search_term_string"}}],"inLanguage":"sk-SK"},{"@type":"Person","@id":"https:\/\/www.sktravelprive.com\/sk\/#\/schema\/person\/bc1b691bbf66ad7c9e2d57b077b88962","name":"Simona","url":"https:\/\/www.sktravelprive.com\/sk\/author\/simona\/"}]}},"_links":{"self":[{"href":"https:\/\/www.sktravelprive.com\/sk\/wp-json\/wp\/v2\/posts\/12369","targetHints":{"allow":["GET"]}}],"collection":[{"href":"https:\/\/www.sktravelprive.com\/sk\/wp-json\/wp\/v2\/posts"}],"about":[{"href":"https:\/\/www.sktravelprive.com\/sk\/wp-json\/wp\/v2\/types\/post"}],"author":[{"embeddable":true,"href":"https:\/\/www.sktravelprive.com\/sk\/wp-json\/wp\/v2\/users\/1"}],"replies":[{"embeddable":true,"href":"https:\/\/www.sktravelprive.com\/sk\/wp-json\/wp\/v2\/comments?post=12369"}],"version-history":[{"count":12,"href":"https:\/\/www.sktravelprive.com\/sk\/wp-json\/wp\/v2\/posts\/12369\/revisions"}],"predecessor-version":[{"id":14313,"href":"https:\/\/www.sktravelprive.com\/sk\/wp-json\/wp\/v2\/posts\/12369\/revisions\/14313"}],"wp:featuredmedia":[{"embeddable":true,"href":"https:\/\/www.sktravelprive.com\/sk\/wp-json\/wp\/v2\/media\/14299"}],"wp:attachment":[{"href":"https:\/\/www.sktravelprive.com\/sk\/wp-json\/wp\/v2\/media?parent=12369"}],"wp:term":[{"taxonomy":"category","embeddable":true,"href":"https:\/\/www.sktravelprive.com\/sk\/wp-json\/wp\/v2\/categories?post=12369"},{"taxonomy":"post_tag","embeddable":true,"href":"https:\/\/www.sktravelprive.com\/sk\/wp-json\/wp\/v2\/tags?post=12369"}],"curies":[{"name":"wp","href":"https:\/\/api.w.org\/{rel}","templated":true}]}}